{"id":3782,"date":"2025-07-08T19:42:58","date_gmt":"2025-07-08T17:42:58","guid":{"rendered":"https:\/\/caroleepinette.com\/?p=3782"},"modified":"2025-07-08T23:27:15","modified_gmt":"2025-07-08T21:27:15","slug":"espace-liberte-du-14-au-27-juillet-a-sarlat-la-caneda","status":"publish","type":"post","link":"https:\/\/caroleepinette.com\/en\/espace-liberte-du-14-au-27-juillet-a-sarlat-la-caneda\/","title":{"rendered":"Espace Libert\u00e9 du 14 au 27 juillet \u00e0 Sarlat-la-Can\u00e9da"},"content":{"rendered":"<p>Espace Libert\u00e9 du 14 au 27 juillet \u00e0 Sarlat-la-Can\u00e9da<br><\/p>\n\n\n\n<p><\/p>","protected":false},"excerpt":{"rendered":"<p>Espace Libert\u00e9 du 14 au 27 juillet \u00e0 Sarlat-la-Can\u00e9da<\/p>","protected":false},"author":2,"featured_media":3792,"comment_status":"open","ping_status":"open","sticky":false,"template":"","format":"standard","meta":{"_acf_changed":false,"footnotes":""},"categories":[17],"tags":[],"class_list":["post-3782","post","type-post","status-publish","format-standard","has-post-thumbnail","hentry","category-expositions"],"acf":[],"_links":{"self":[{"href":"https:\/\/caroleepinette.com\/en\/wp-json\/wp\/v2\/posts\/3782","targetHints":{"allow":["GET"]}}],"collection":[{"href":"https:\/\/caroleepinette.com\/en\/wp-json\/wp\/v2\/posts"}],"about":[{"href":"https:\/\/caroleepinette.com\/en\/wp-json\/wp\/v2\/types\/post"}],"author":[{"embeddable":true,"href":"https:\/\/caroleepinette.com\/en\/wp-json\/wp\/v2\/users\/2"}],"replies":[{"embeddable":true,"href":"https:\/\/caroleepinette.com\/en\/wp-json\/wp\/v2\/comments?post=3782"}],"version-history":[{"count":1,"href":"https:\/\/caroleepinette.com\/en\/wp-json\/wp\/v2\/posts\/3782\/revisions"}],"predecessor-version":[{"id":3784,"href":"https:\/\/caroleepinette.com\/en\/wp-json\/wp\/v2\/posts\/3782\/revisions\/3784"}],"wp:featuredmedia":[{"embeddable":true,"href":"https:\/\/caroleepinette.com\/en\/wp-json\/wp\/v2\/media\/3792"}],"wp:attachment":[{"href":"https:\/\/caroleepinette.com\/en\/wp-json\/wp\/v2\/media?parent=3782"}],"wp:term":[{"taxonomy":"category","embeddable":true,"href":"https:\/\/caroleepinette.com\/en\/wp-json\/wp\/v2\/categories?post=3782"},{"taxonomy":"post_tag","embeddable":true,"href":"https:\/\/caroleepinette.com\/en\/wp-json\/wp\/v2\/tags?post=3782"}],"curies":[{"name":"wp","href":"https:\/\/api.w.org\/{rel}","templated":true}]}}