{"id":766,"date":"2025-03-28T01:49:07","date_gmt":"2025-03-28T00:49:07","guid":{"rendered":"http:\/\/caroleepinette.com\/?p=766"},"modified":"2025-08-28T14:30:56","modified_gmt":"2025-08-28T12:30:56","slug":"lecole-des-musiques-actuelles-a-geneve","status":"publish","type":"post","link":"https:\/\/caroleepinette.com\/en\/lecole-des-musiques-actuelles-a-geneve\/","title":{"rendered":"Exposition \u00e0 l&rsquo;\u00c9cole des musiques actuelles de Gen\u00e8ve"},"content":{"rendered":"<p>Du 9 septembre 2025 au 28 janvier 2026 \u00e0 l&rsquo;Ecole des Musiques Actuelles \u00e0 Gen\u00e8ve<br><br><\/p>\n\n\n<div class=\"wp-block-image\">\n<figure class=\"aligncenter size-large\"><img loading=\"lazy\" decoding=\"async\" width=\"724\" height=\"1024\" src=\"https:\/\/caroleepinette.com\/wp-content\/uploads\/2025\/03\/Affiche-Expo-EMA-Geneve-A4-724x1024.jpg\" alt=\"\" class=\"wp-image-3811\" srcset=\"https:\/\/caroleepinette.com\/wp-content\/uploads\/2025\/03\/Affiche-Expo-EMA-Geneve-A4-724x1024.jpg 724w, https:\/\/caroleepinette.com\/wp-content\/uploads\/2025\/03\/Affiche-Expo-EMA-Geneve-A4-212x300.jpg 212w, https:\/\/caroleepinette.com\/wp-content\/uploads\/2025\/03\/Affiche-Expo-EMA-Geneve-A4-768x1086.jpg 768w, https:\/\/caroleepinette.com\/wp-content\/uploads\/2025\/03\/Affiche-Expo-EMA-Geneve-A4-1086x1536.jpg 1086w, https:\/\/caroleepinette.com\/wp-content\/uploads\/2025\/03\/Affiche-Expo-EMA-Geneve-A4-1448x2048.jpg 1448w, https:\/\/caroleepinette.com\/wp-content\/uploads\/2025\/03\/Affiche-Expo-EMA-Geneve-A4-8x12.jpg 8w, https:\/\/caroleepinette.com\/wp-content\/uploads\/2025\/03\/Affiche-Expo-EMA-Geneve-A4-600x849.jpg 600w, https:\/\/caroleepinette.com\/wp-content\/uploads\/2025\/03\/Affiche-Expo-EMA-Geneve-A4-scaled.jpg 1810w\" sizes=\"auto, (max-width: 724px) 100vw, 724px\" \/><\/figure>\n<\/div>\n\n\n<p><\/p>","protected":false},"excerpt":{"rendered":"<p>Du 9 septembre 2025 au 28 janvier 2026 \u00e0 l&rsquo;Ecole des Musiques Actuelles \u00e0 Gen\u00e8ve<\/p>","protected":false},"author":2,"featured_media":767,"comment_status":"open","ping_status":"open","sticky":false,"template":"","format":"standard","meta":{"_acf_changed":false,"footnotes":""},"categories":[17],"tags":[],"class_list":["post-766","post","type-post","status-publish","format-standard","has-post-thumbnail","hentry","category-expositions"],"acf":[],"_links":{"self":[{"href":"https:\/\/caroleepinette.com\/en\/wp-json\/wp\/v2\/posts\/766","targetHints":{"allow":["GET"]}}],"collection":[{"href":"https:\/\/caroleepinette.com\/en\/wp-json\/wp\/v2\/posts"}],"about":[{"href":"https:\/\/caroleepinette.com\/en\/wp-json\/wp\/v2\/types\/post"}],"author":[{"embeddable":true,"href":"https:\/\/caroleepinette.com\/en\/wp-json\/wp\/v2\/users\/2"}],"replies":[{"embeddable":true,"href":"https:\/\/caroleepinette.com\/en\/wp-json\/wp\/v2\/comments?post=766"}],"version-history":[{"count":5,"href":"https:\/\/caroleepinette.com\/en\/wp-json\/wp\/v2\/posts\/766\/revisions"}],"predecessor-version":[{"id":3812,"href":"https:\/\/caroleepinette.com\/en\/wp-json\/wp\/v2\/posts\/766\/revisions\/3812"}],"wp:featuredmedia":[{"embeddable":true,"href":"https:\/\/caroleepinette.com\/en\/wp-json\/wp\/v2\/media\/767"}],"wp:attachment":[{"href":"https:\/\/caroleepinette.com\/en\/wp-json\/wp\/v2\/media?parent=766"}],"wp:term":[{"taxonomy":"category","embeddable":true,"href":"https:\/\/caroleepinette.com\/en\/wp-json\/wp\/v2\/categories?post=766"},{"taxonomy":"post_tag","embeddable":true,"href":"https:\/\/caroleepinette.com\/en\/wp-json\/wp\/v2\/tags?post=766"}],"curies":[{"name":"wp","href":"https:\/\/api.w.org\/{rel}","templated":true}]}}